{"id":7186,"date":"2025-10-16T16:15:52","date_gmt":"2025-10-16T21:15:52","guid":{"rendered":"https:\/\/saf.uy\/ar\/?p=7186"},"modified":"2025-10-16T16:15:52","modified_gmt":"2025-10-16T21:15:52","slug":"17-segundos-de-terror-protege-tu-hogar-con-los-pararrayos-saf-y-evita-sorpresas","status":"publish","type":"post","link":"https:\/\/saf.uy\/ar\/17-segundos-de-terror-protege-tu-hogar-con-los-pararrayos-saf-y-evita-sorpresas\/","title":{"rendered":"\u00a117 segundos de terror! Protege tu hogar con los pararrayos SAF y evita sorpresas"},"content":{"rendered":"\t\t<div data-elementor-type=\"wp-post\" data-elementor-id=\"7186\" class=\"elementor elementor-7186\" data-elementor-post-type=\"post\">\n\t\t\t\t<div class=\"elementor-element elementor-element-729c3737 e-flex e-con-boxed e-con e-parent\" data-id=\"729c3737\" data-element_type=\"container\" data-e-type=\"container\">\n\t\t\t\t\t<div class=\"e-con-inner\">\n\t\t\t\t<div class=\"elementor-element elementor-element-7530a58d elementor-widget elementor-widget-text-editor\" data-id=\"7530a58d\" data-element_type=\"widget\" data-e-type=\"widget\" data-widget_type=\"text-editor.default\">\n\t\t\t\t<div class=\"elementor-widget-container\">\n\t\t\t\t\t\t\t\t\t\n<p>Un rayo de m\u00e1s de 17 segundos cruz\u00f3 los cielos de Argentina y Uruguay, batiendo un r\u00e9cord mundial. Este impresionante fen\u00f3meno natural nos recuerda la fuerza de la naturaleza y la importancia de protegernos de las tormentas el\u00e9ctricas.<\/p>\n\n\n\n<p><strong>SAF es especialista en la instalaci\u00f3n de pararrayos.<\/strong> Sabemos que los rayos pueden causar da\u00f1os significativos a propiedades y poner en riesgo vidas. Por eso, te ofrecemos soluciones de protecci\u00f3n contra rayos dise\u00f1adas para garantizar tu seguridad y la de tu familia.<\/p>\n\n\n\n<h2 class=\"wp-block-heading\">\u00bfPor qu\u00e9 elegir SAF?<\/h2>\n\n\n\n<ul class=\"wp-block-list\">\n<li><strong>Experiencia:<\/strong> Contamos con a\u00f1os de experiencia en la instalaci\u00f3n de sistemas de protecci\u00f3n contra rayos.<\/li>\n\n\n\n<li><strong>Tecnolog\u00eda:<\/strong> Utilizamos los equipos y materiales m\u00e1s avanzados del mercado.<\/li>\n\n\n\n<li><strong>Personal cualificado:<\/strong> Nuestro equipo t\u00e9cnico est\u00e1 altamente capacitado y certificado.<\/li>\n\n\n\n<li><strong>Servicio personalizado:<\/strong> Adaptamos nuestras soluciones a las necesidades de cada cliente.<\/li>\n<\/ul>\n\n\n\n<h2 class=\"wp-block-heading\">\u00bfC\u00f3mo te protege un pararrayos SAF?<\/h2>\n\n\n\n<p>Un pararrayos act\u00faa como un conductor que atrae la descarga el\u00e9ctrica del rayo hacia el suelo, evitando que da\u00f1e tu propiedad. Los sistemas de protecci\u00f3n contra rayos SAF ofrecen una barrera segura contra los rayos, minimizando el riesgo de incendios, da\u00f1os el\u00e9ctricos y lesiones.<\/p>\n\n\n\n<p><strong>No esperes a que sea demasiado tarde. Cont\u00e1ctanos hoy mismo y solicita un presupuesto sin compromiso.<\/strong><\/p>\n\t\t\t\t\t\t\t\t<\/div>\n\t\t\t\t<\/div>\n\t\t\t\t\t<\/div>\n\t\t\t\t<\/div>\n\t\t<div class=\"elementor-element elementor-element-82f286f e-flex e-con-boxed e-con e-parent\" data-id=\"82f286f\" data-element_type=\"container\" data-e-type=\"container\">\n\t\t\t\t\t<div class=\"e-con-inner\">\n\t\t\t\t<div class=\"elementor-element elementor-element-25ae5a9 content-align-cta-center elementor-widget elementor-widget-eael-cta-box\" data-id=\"25ae5a9\" data-element_type=\"widget\" data-e-type=\"widget\" data-widget_type=\"eael-cta-box.default\">\n\t\t\t\t<div class=\"elementor-widget-container\">\n\t\t\t\t\t\t\t<div class=\"eael-call-to-action cta-basic bg-lite cta-preset-1\">\n        <h2 class=\"title eael-cta-heading\">No esperes a que sea demasiado tarde.<\/h2><p>Cont\u00e1ctanos hoy mismo y solicita un presupuesto sin compromiso.<\/p><a href=\"\/contacto\" class=\"cta-button cta-preset-1  \">Solicitar Asesoramiento<\/a>\t<\/div>\n\t\t\t\t\t\t\t\t<\/div>\n\t\t\t\t<\/div>\n\t\t\t\t\t<\/div>\n\t\t\t\t<\/div>\n\t\t\t\t<\/div>\n\t\t","protected":false},"excerpt":{"rendered":"<p>Un rayo de m\u00e1s de 17 segundos cruz\u00f3 los cielos de Argentina y Uruguay, batiendo un r\u00e9cord mundial. Este impresionante fen\u00f3meno natural nos recuerda la fuerza de la naturaleza y la importancia de protegernos de las tormentas el\u00e9ctricas. SAF es especialista en la instalaci\u00f3n de pararrayos. Sabemos que los rayos pueden causar da\u00f1os significativos a [&hellip;]<\/p>\n","protected":false},"author":1,"featured_media":7187,"comment_status":"open","ping_status":"open","sticky":false,"template":"","format":"standard","meta":{"_acf_changed":false,"_joinchat":[],"footnotes":""},"categories":[4],"tags":[122,161,160,131,9,15,124,162,158,150,135,159],"class_list":["post-7186","post","type-post","status-publish","format-standard","has-post-thumbnail","hentry","category-noticias","tag-argentina","tag-empresa","tag-hogar","tag-instalacion-de-pararrayos","tag-pararrayos","tag-proteccion-contra-rayos","tag-rayos","tag-record-mundial","tag-saf","tag-seguridad","tag-tormenta-electrica","tag-uruguay"],"acf":[],"_links":{"self":[{"href":"https:\/\/saf.uy\/ar\/wp-json\/wp\/v2\/posts\/7186","targetHints":{"allow":["GET"]}}],"collection":[{"href":"https:\/\/saf.uy\/ar\/wp-json\/wp\/v2\/posts"}],"about":[{"href":"https:\/\/saf.uy\/ar\/wp-json\/wp\/v2\/types\/post"}],"author":[{"embeddable":true,"href":"https:\/\/saf.uy\/ar\/wp-json\/wp\/v2\/users\/1"}],"replies":[{"embeddable":true,"href":"https:\/\/saf.uy\/ar\/wp-json\/wp\/v2\/comments?post=7186"}],"version-history":[{"count":4,"href":"https:\/\/saf.uy\/ar\/wp-json\/wp\/v2\/posts\/7186\/revisions"}],"predecessor-version":[{"id":7191,"href":"https:\/\/saf.uy\/ar\/wp-json\/wp\/v2\/posts\/7186\/revisions\/7191"}],"wp:featuredmedia":[{"embeddable":true,"href":"https:\/\/saf.uy\/ar\/wp-json\/wp\/v2\/media\/7187"}],"wp:attachment":[{"href":"https:\/\/saf.uy\/ar\/wp-json\/wp\/v2\/media?parent=7186"}],"wp:term":[{"taxonomy":"category","embeddable":true,"href":"https:\/\/saf.uy\/ar\/wp-json\/wp\/v2\/categories?post=7186"},{"taxonomy":"post_tag","embeddable":true,"href":"https:\/\/saf.uy\/ar\/wp-json\/wp\/v2\/tags?post=7186"}],"curies":[{"name":"wp","href":"https:\/\/api.w.org\/{rel}","templated":true}]}}